{"@context":"https:\/\/schema.org\/","@type":"CollectionPage","@id":"https:\/\/www.selfix.cz\/dum-a-byt\/#CollectionPage","headline":"D\u016fm a byt Category","description":"","url":"https:\/\/www.selfix.cz\/dum-a-byt\/","hasPart":[{"@type":"Article","@id":"https:\/\/www.selfix.cz\/dukladny-jarni-uklid-provadejte-kazdy-rok\/","headline":"D\u016fkladn\u00fd jarn\u00ed \u00faklid prov\u00e1d\u011bjte ka\u017ed\u00fd rok","url":"https:\/\/www.selfix.cz\/dukladny-jarni-uklid-provadejte-kazdy-rok\/","datePublished":"2025-02-28","dateModified":"2023-04-27","mainEntityOfPage":"https:\/\/www.selfix.cz\/dukladny-jarni-uklid-provadejte-kazdy-rok\/","author":{"@type":"Person","@id":"https:\/\/www.selfix.cz\/author\/#Person","name":"selfix.cz\n","url":"https:\/\/www.selfix.cz\/author\/","identifier":1,"image":{"@type":"ImageObject","@id":"https:\/\/secure.gravatar.com\/avatar\/6eaf701939e92690bed32d6f2e2c0f9e1355f2e3837c1fb45fbfacf848239e2d?s=96&d=mm&r=g","url":"https:\/\/secure.gravatar.com\/avatar\/6eaf701939e92690bed32d6f2e2c0f9e1355f2e3837c1fb45fbfacf848239e2d?s=96&d=mm&r=g","height":96,"width":96}},"publisher":{"@type":"Organization","name":"selfix.cz","logo":{"@type":"ImageObject","@id":"\/logo.png","url":"\/logo.png","width":600,"height":60}},"image":{"@type":"ImageObject","@id":"https:\/\/www.selfix.cz\/wp-content\/uploads\/img_a342419_w1747_t1555183345.png","url":"https:\/\/www.selfix.cz\/wp-content\/uploads\/img_a342419_w1747_t1555183345.png","height":0,"width":0},"keywords":null},{"@type":"Article","@id":"https:\/\/www.selfix.cz\/nova-kuchyn-bez-bourani\/","headline":"Nov\u00e1 kuchy\u0148 bez bour\u00e1n\u00ed","url":"https:\/\/www.selfix.cz\/nova-kuchyn-bez-bourani\/","datePublished":"2025-02-26","dateModified":"2023-04-27","mainEntityOfPage":"https:\/\/www.selfix.cz\/nova-kuchyn-bez-bourani\/","author":{"@type":"Person","@id":"https:\/\/www.selfix.cz\/author\/#Person","name":"selfix.cz\n","url":"https:\/\/www.selfix.cz\/author\/","identifier":1,"image":{"@type":"ImageObject","@id":"https:\/\/secure.gravatar.com\/avatar\/6eaf701939e92690bed32d6f2e2c0f9e1355f2e3837c1fb45fbfacf848239e2d?s=96&d=mm&r=g","url":"https:\/\/secure.gravatar.com\/avatar\/6eaf701939e92690bed32d6f2e2c0f9e1355f2e3837c1fb45fbfacf848239e2d?s=96&d=mm&r=g","height":96,"width":96}},"publisher":{"@type":"Organization","name":"selfix.cz","logo":{"@type":"ImageObject","@id":"\/logo.png","url":"\/logo.png","width":600,"height":60}},"image":{"@type":"ImageObject","@id":"https:\/\/www.selfix.cz\/wp-content\/uploads\/img_a292871_w1747_t1505238259.jpg","url":"https:\/\/www.selfix.cz\/wp-content\/uploads\/img_a292871_w1747_t1505238259.jpg","height":0,"width":0},"keywords":null},{"@type":"Article","@id":"https:\/\/www.selfix.cz\/kachlova-kamna-opet-na-vysluni\/","headline":"Kachlov\u00e1 kamna op\u011bt na v\u00fdslun\u00ed","url":"https:\/\/www.selfix.cz\/kachlova-kamna-opet-na-vysluni\/","datePublished":"2025-02-23","dateModified":"2023-04-27","mainEntityOfPage":"https:\/\/www.selfix.cz\/kachlova-kamna-opet-na-vysluni\/","author":{"@type":"Person","@id":"https:\/\/www.selfix.cz\/author\/#Person","name":"selfix.cz\n","url":"https:\/\/www.selfix.cz\/author\/","identifier":1,"image":{"@type":"ImageObject","@id":"https:\/\/secure.gravatar.com\/avatar\/6eaf701939e92690bed32d6f2e2c0f9e1355f2e3837c1fb45fbfacf848239e2d?s=96&d=mm&r=g","url":"https:\/\/secure.gravatar.com\/avatar\/6eaf701939e92690bed32d6f2e2c0f9e1355f2e3837c1fb45fbfacf848239e2d?s=96&d=mm&r=g","height":96,"width":96}},"publisher":{"@type":"Organization","name":"selfix.cz","logo":{"@type":"ImageObject","@id":"\/logo.png","url":"\/logo.png","width":600,"height":60}},"image":{"@type":"ImageObject","@id":"https:\/\/www.selfix.cz\/wp-content\/uploads\/img_a287460_w1747_t1498068942.jpg","url":"https:\/\/www.selfix.cz\/wp-content\/uploads\/img_a287460_w1747_t1498068942.jpg","height":0,"width":0},"keywords":null},{"@type":"Article","@id":"https:\/\/www.selfix.cz\/feng-suej-jak-si-zaridit-kuchyni\/","headline":"Feng-\u0161uej: jak si za\u0159\u00eddit kuchyni","url":"https:\/\/www.selfix.cz\/feng-suej-jak-si-zaridit-kuchyni\/","datePublished":"2023-04-27","dateModified":"2023-04-27","mainEntityOfPage":"https:\/\/www.selfix.cz\/feng-suej-jak-si-zaridit-kuchyni\/","author":{"@type":"Person","@id":"https:\/\/www.selfix.cz\/author\/#Person","name":"selfix.cz\n","url":"https:\/\/www.selfix.cz\/author\/","identifier":1,"image":{"@type":"ImageObject","@id":"https:\/\/secure.gravatar.com\/avatar\/6eaf701939e92690bed32d6f2e2c0f9e1355f2e3837c1fb45fbfacf848239e2d?s=96&d=mm&r=g","url":"https:\/\/secure.gravatar.com\/avatar\/6eaf701939e92690bed32d6f2e2c0f9e1355f2e3837c1fb45fbfacf848239e2d?s=96&d=mm&r=g","height":96,"width":96}},"publisher":{"@type":"Organization","name":"selfix.cz","logo":{"@type":"ImageObject","@id":"\/logo.png","url":"\/logo.png","width":600,"height":60}},"image":null,"keywords":null},{"@type":"Article","@id":"https:\/\/www.selfix.cz\/preneste-si-pohodli-domova-i-na-zahradni-terasu\/","headline":"P\u0159eneste si pohodl\u00ed domova i na zahradn\u00ed terasu","url":"https:\/\/www.selfix.cz\/preneste-si-pohodli-domova-i-na-zahradni-terasu\/","datePublished":"2023-04-27","dateModified":"2023-04-27","mainEntityOfPage":"https:\/\/www.selfix.cz\/preneste-si-pohodli-domova-i-na-zahradni-terasu\/","author":{"@type":"Person","@id":"https:\/\/www.selfix.cz\/author\/#Person","name":"selfix.cz\n","url":"https:\/\/www.selfix.cz\/author\/","identifier":1,"image":{"@type":"ImageObject","@id":"https:\/\/secure.gravatar.com\/avatar\/6eaf701939e92690bed32d6f2e2c0f9e1355f2e3837c1fb45fbfacf848239e2d?s=96&d=mm&r=g","url":"https:\/\/secure.gravatar.com\/avatar\/6eaf701939e92690bed32d6f2e2c0f9e1355f2e3837c1fb45fbfacf848239e2d?s=96&d=mm&r=g","height":96,"width":96}},"publisher":{"@type":"Organization","name":"selfix.cz","logo":{"@type":"ImageObject","@id":"\/logo.png","url":"\/logo.png","width":600,"height":60}},"image":null,"keywords":null},{"@type":"Article","@id":"https:\/\/www.selfix.cz\/tipy-na-vymenu-oken\/","headline":"Tipy na v\u00fdm\u011bnu oken","url":"https:\/\/www.selfix.cz\/tipy-na-vymenu-oken\/","datePublished":"2023-04-27","dateModified":"2023-04-27","mainEntityOfPage":"https:\/\/www.selfix.cz\/tipy-na-vymenu-oken\/","author":{"@type":"Person","@id":"https:\/\/www.selfix.cz\/author\/#Person","name":"selfix.cz\n","url":"https:\/\/www.selfix.cz\/author\/","identifier":1,"image":{"@type":"ImageObject","@id":"https:\/\/secure.gravatar.com\/avatar\/6eaf701939e92690bed32d6f2e2c0f9e1355f2e3837c1fb45fbfacf848239e2d?s=96&d=mm&r=g","url":"https:\/\/secure.gravatar.com\/avatar\/6eaf701939e92690bed32d6f2e2c0f9e1355f2e3837c1fb45fbfacf848239e2d?s=96&d=mm&r=g","height":96,"width":96}},"publisher":{"@type":"Organization","name":"selfix.cz","logo":{"@type":"ImageObject","@id":"\/logo.png","url":"\/logo.png","width":600,"height":60}},"image":null,"keywords":null},{"@type":"Article","@id":"https:\/\/www.selfix.cz\/kratkodoby-pronajem-je-v-kurzu\/","headline":"Kr\u00e1tkodob\u00fd pron\u00e1jem je v kurzu","url":"https:\/\/www.selfix.cz\/kratkodoby-pronajem-je-v-kurzu\/","datePublished":"2023-04-27","dateModified":"2023-04-27","mainEntityOfPage":"https:\/\/www.selfix.cz\/kratkodoby-pronajem-je-v-kurzu\/","author":{"@type":"Person","@id":"https:\/\/www.selfix.cz\/author\/#Person","name":"selfix.cz\n","url":"https:\/\/www.selfix.cz\/author\/","identifier":1,"image":{"@type":"ImageObject","@id":"https:\/\/secure.gravatar.com\/avatar\/6eaf701939e92690bed32d6f2e2c0f9e1355f2e3837c1fb45fbfacf848239e2d?s=96&d=mm&r=g","url":"https:\/\/secure.gravatar.com\/avatar\/6eaf701939e92690bed32d6f2e2c0f9e1355f2e3837c1fb45fbfacf848239e2d?s=96&d=mm&r=g","height":96,"width":96}},"publisher":{"@type":"Organization","name":"selfix.cz","logo":{"@type":"ImageObject","@id":"\/logo.png","url":"\/logo.png","width":600,"height":60}},"image":null,"keywords":null},{"@type":"Article","@id":"https:\/\/www.selfix.cz\/jak-vybudovat-zahradu-moderni-i-tradicni-uzitkovou\/","headline":"Jak vybudovat zahradu, modern\u00ed i tradi\u010dn\u00ed u\u017eitkovou","url":"https:\/\/www.selfix.cz\/jak-vybudovat-zahradu-moderni-i-tradicni-uzitkovou\/","datePublished":"2019-09-21","dateModified":"2023-04-27","mainEntityOfPage":"https:\/\/www.selfix.cz\/jak-vybudovat-zahradu-moderni-i-tradicni-uzitkovou\/","author":{"@type":"Person","@id":"https:\/\/www.selfix.cz\/author\/#Person","name":"selfix.cz\n","url":"https:\/\/www.selfix.cz\/author\/","identifier":1,"image":{"@type":"ImageObject","@id":"https:\/\/secure.gravatar.com\/avatar\/6eaf701939e92690bed32d6f2e2c0f9e1355f2e3837c1fb45fbfacf848239e2d?s=96&d=mm&r=g","url":"https:\/\/secure.gravatar.com\/avatar\/6eaf701939e92690bed32d6f2e2c0f9e1355f2e3837c1fb45fbfacf848239e2d?s=96&d=mm&r=g","height":96,"width":96}},"publisher":{"@type":"Organization","name":"selfix.cz","logo":{"@type":"ImageObject","@id":"\/logo.png","url":"\/logo.png","width":600,"height":60}},"image":{"@type":"ImageObject","@id":"https:\/\/www.selfix.cz\/wp-content\/uploads\/img_a369265_w1747_t1581416209.jpg","url":"https:\/\/www.selfix.cz\/wp-content\/uploads\/img_a369265_w1747_t1581416209.jpg","height":0,"width":0},"keywords":null},{"@type":"Article","@id":"https:\/\/www.selfix.cz\/tocite-schody-patri-do-nasich-domovu\/","headline":"To\u010dit\u00e9 schody pat\u0159\u00ed do na\u0161ich domov\u016f","url":"https:\/\/www.selfix.cz\/tocite-schody-patri-do-nasich-domovu\/","datePublished":"2019-06-27","dateModified":"2023-04-27","mainEntityOfPage":"https:\/\/www.selfix.cz\/tocite-schody-patri-do-nasich-domovu\/","author":{"@type":"Person","@id":"https:\/\/www.selfix.cz\/author\/#Person","name":"selfix.cz\n","url":"https:\/\/www.selfix.cz\/author\/","identifier":1,"image":{"@type":"ImageObject","@id":"https:\/\/secure.gravatar.com\/avatar\/6eaf701939e92690bed32d6f2e2c0f9e1355f2e3837c1fb45fbfacf848239e2d?s=96&d=mm&r=g","url":"https:\/\/secure.gravatar.com\/avatar\/6eaf701939e92690bed32d6f2e2c0f9e1355f2e3837c1fb45fbfacf848239e2d?s=96&d=mm&r=g","height":96,"width":96}},"publisher":{"@type":"Organization","name":"selfix.cz","logo":{"@type":"ImageObject","@id":"\/logo.png","url":"\/logo.png","width":600,"height":60}},"image":{"@type":"ImageObject","@id":"https:\/\/www.selfix.cz\/wp-content\/uploads\/img_a358625_w1747_t1572956337.jpg","url":"https:\/\/www.selfix.cz\/wp-content\/uploads\/img_a358625_w1747_t1572956337.jpg","height":0,"width":0},"keywords":null},{"@type":"Article","@id":"https:\/\/www.selfix.cz\/dostupne-bydleni-za-bezkonkurencni-cenu\/","headline":"Dostupn\u00e9 bydlen\u00ed za bezkonkuren\u010dn\u00ed cenu","url":"https:\/\/www.selfix.cz\/dostupne-bydleni-za-bezkonkurencni-cenu\/","datePublished":"2019-02-12","dateModified":"2023-04-27","mainEntityOfPage":"https:\/\/www.selfix.cz\/dostupne-bydleni-za-bezkonkurencni-cenu\/","author":{"@type":"Person","@id":"https:\/\/www.selfix.cz\/author\/#Person","name":"selfix.cz\n","url":"https:\/\/www.selfix.cz\/author\/","identifier":1,"image":{"@type":"ImageObject","@id":"https:\/\/secure.gravatar.com\/avatar\/6eaf701939e92690bed32d6f2e2c0f9e1355f2e3837c1fb45fbfacf848239e2d?s=96&d=mm&r=g","url":"https:\/\/secure.gravatar.com\/avatar\/6eaf701939e92690bed32d6f2e2c0f9e1355f2e3837c1fb45fbfacf848239e2d?s=96&d=mm&r=g","height":96,"width":96}},"publisher":{"@type":"Organization","name":"selfix.cz","logo":{"@type":"ImageObject","@id":"\/logo.png","url":"\/logo.png","width":600,"height":60}},"image":{"@type":"ImageObject","@id":"https:\/\/www.selfix.cz\/wp-content\/uploads\/img_a339354_w1747_t1552567197.jpg","url":"https:\/\/www.selfix.cz\/wp-content\/uploads\/img_a339354_w1747_t1552567197.jpg","height":0,"width":0},"keywords":null}]}