{"@context":"https:\/\/schema.org\/","@type":"CollectionPage","@id":"https:\/\/www.selfix.cz\/hobby\/#CollectionPage","headline":"Hobby Category","description":"","url":"https:\/\/www.selfix.cz\/hobby\/","hasPart":[{"@type":"Article","@id":"https:\/\/www.selfix.cz\/dovolena-nejen-u-chorvatskeho-more\/","headline":"Dovolen\u00e1 nejen u chorvatsk\u00e9ho mo\u0159e","url":"https:\/\/www.selfix.cz\/dovolena-nejen-u-chorvatskeho-more\/","datePublished":"2025-02-28","dateModified":"2023-04-27","mainEntityOfPage":"https:\/\/www.selfix.cz\/dovolena-nejen-u-chorvatskeho-more\/","author":{"@type":"Person","@id":"https:\/\/www.selfix.cz\/author\/#Person","name":"selfix.cz\n","url":"https:\/\/www.selfix.cz\/author\/","identifier":1,"image":{"@type":"ImageObject","@id":"https:\/\/secure.gravatar.com\/avatar\/6eaf701939e92690bed32d6f2e2c0f9e1355f2e3837c1fb45fbfacf848239e2d?s=96&d=mm&r=g","url":"https:\/\/secure.gravatar.com\/avatar\/6eaf701939e92690bed32d6f2e2c0f9e1355f2e3837c1fb45fbfacf848239e2d?s=96&d=mm&r=g","height":96,"width":96}},"publisher":{"@type":"Organization","name":"selfix.cz","logo":{"@type":"ImageObject","@id":"\/logo.png","url":"\/logo.png","width":600,"height":60}},"image":{"@type":"ImageObject","@id":"https:\/\/www.selfix.cz\/wp-content\/uploads\/img_a299307_w1747_t1509375523.jpg","url":"https:\/\/www.selfix.cz\/wp-content\/uploads\/img_a299307_w1747_t1509375523.jpg","height":0,"width":0},"keywords":null},{"@type":"Article","@id":"https:\/\/www.selfix.cz\/nejkrasnejsi-mista-na-svete-k-potapeni\/","headline":"Nejkr\u00e1sn\u011bj\u0161\u00ed m\u00edsta na sv\u011bt\u011b k pot\u00e1p\u011bn\u00ed","url":"https:\/\/www.selfix.cz\/nejkrasnejsi-mista-na-svete-k-potapeni\/","datePublished":"2025-02-25","dateModified":"2023-04-27","mainEntityOfPage":"https:\/\/www.selfix.cz\/nejkrasnejsi-mista-na-svete-k-potapeni\/","author":{"@type":"Person","@id":"https:\/\/www.selfix.cz\/author\/#Person","name":"selfix.cz\n","url":"https:\/\/www.selfix.cz\/author\/","identifier":1,"image":{"@type":"ImageObject","@id":"https:\/\/secure.gravatar.com\/avatar\/6eaf701939e92690bed32d6f2e2c0f9e1355f2e3837c1fb45fbfacf848239e2d?s=96&d=mm&r=g","url":"https:\/\/secure.gravatar.com\/avatar\/6eaf701939e92690bed32d6f2e2c0f9e1355f2e3837c1fb45fbfacf848239e2d?s=96&d=mm&r=g","height":96,"width":96}},"publisher":{"@type":"Organization","name":"selfix.cz","logo":{"@type":"ImageObject","@id":"\/logo.png","url":"\/logo.png","width":600,"height":60}},"image":{"@type":"ImageObject","@id":"https:\/\/www.selfix.cz\/wp-content\/uploads\/img_a292569_w1747_t1505061906.jpg","url":"https:\/\/www.selfix.cz\/wp-content\/uploads\/img_a292569_w1747_t1505061906.jpg","height":0,"width":0},"keywords":null},{"@type":"Article","@id":"https:\/\/www.selfix.cz\/starost-o-pejska-jako-hobby\/","headline":"Starost o pejska jako hobby","url":"https:\/\/www.selfix.cz\/starost-o-pejska-jako-hobby\/","datePublished":"2025-02-24","dateModified":"2023-04-27","mainEntityOfPage":"https:\/\/www.selfix.cz\/starost-o-pejska-jako-hobby\/","author":{"@type":"Person","@id":"https:\/\/www.selfix.cz\/author\/#Person","name":"selfix.cz\n","url":"https:\/\/www.selfix.cz\/author\/","identifier":1,"image":{"@type":"ImageObject","@id":"https:\/\/secure.gravatar.com\/avatar\/6eaf701939e92690bed32d6f2e2c0f9e1355f2e3837c1fb45fbfacf848239e2d?s=96&d=mm&r=g","url":"https:\/\/secure.gravatar.com\/avatar\/6eaf701939e92690bed32d6f2e2c0f9e1355f2e3837c1fb45fbfacf848239e2d?s=96&d=mm&r=g","height":96,"width":96}},"publisher":{"@type":"Organization","name":"selfix.cz","logo":{"@type":"ImageObject","@id":"\/logo.png","url":"\/logo.png","width":600,"height":60}},"image":{"@type":"ImageObject","@id":"https:\/\/www.selfix.cz\/wp-content\/uploads\/img_a306646_w1747_t1517914233.jpg","url":"https:\/\/www.selfix.cz\/wp-content\/uploads\/img_a306646_w1747_t1517914233.jpg","height":0,"width":0},"keywords":null},{"@type":"Article","@id":"https:\/\/www.selfix.cz\/kreativitou-k-lepsimu-zdravi\/","headline":"Kreativitou k lep\u0161\u00edmu zdrav\u00ed","url":"https:\/\/www.selfix.cz\/kreativitou-k-lepsimu-zdravi\/","datePublished":"2025-02-23","dateModified":"2023-04-27","mainEntityOfPage":"https:\/\/www.selfix.cz\/kreativitou-k-lepsimu-zdravi\/","author":{"@type":"Person","@id":"https:\/\/www.selfix.cz\/author\/#Person","name":"selfix.cz\n","url":"https:\/\/www.selfix.cz\/author\/","identifier":1,"image":{"@type":"ImageObject","@id":"https:\/\/secure.gravatar.com\/avatar\/6eaf701939e92690bed32d6f2e2c0f9e1355f2e3837c1fb45fbfacf848239e2d?s=96&d=mm&r=g","url":"https:\/\/secure.gravatar.com\/avatar\/6eaf701939e92690bed32d6f2e2c0f9e1355f2e3837c1fb45fbfacf848239e2d?s=96&d=mm&r=g","height":96,"width":96}},"publisher":{"@type":"Organization","name":"selfix.cz","logo":{"@type":"ImageObject","@id":"\/logo.png","url":"\/logo.png","width":600,"height":60}},"image":{"@type":"ImageObject","@id":"https:\/\/www.selfix.cz\/wp-content\/uploads\/img_a291212_w1747_t1503949098.jpg","url":"https:\/\/www.selfix.cz\/wp-content\/uploads\/img_a291212_w1747_t1503949098.jpg","height":0,"width":0},"keywords":null},{"@type":"Article","@id":"https:\/\/www.selfix.cz\/hura-za-pokladem\/","headline":"Hur\u00e1 za pokladem!","url":"https:\/\/www.selfix.cz\/hura-za-pokladem\/","datePublished":"2023-04-27","dateModified":"2023-04-27","mainEntityOfPage":"https:\/\/www.selfix.cz\/hura-za-pokladem\/","author":{"@type":"Person","@id":"https:\/\/www.selfix.cz\/author\/#Person","name":"selfix.cz\n","url":"https:\/\/www.selfix.cz\/author\/","identifier":1,"image":{"@type":"ImageObject","@id":"https:\/\/secure.gravatar.com\/avatar\/6eaf701939e92690bed32d6f2e2c0f9e1355f2e3837c1fb45fbfacf848239e2d?s=96&d=mm&r=g","url":"https:\/\/secure.gravatar.com\/avatar\/6eaf701939e92690bed32d6f2e2c0f9e1355f2e3837c1fb45fbfacf848239e2d?s=96&d=mm&r=g","height":96,"width":96}},"publisher":{"@type":"Organization","name":"selfix.cz","logo":{"@type":"ImageObject","@id":"\/logo.png","url":"\/logo.png","width":600,"height":60}},"image":null,"keywords":null},{"@type":"Article","@id":"https:\/\/www.selfix.cz\/zahrada-nasich-snu\/","headline":"Zahrada na\u0161ich sn\u016f","url":"https:\/\/www.selfix.cz\/zahrada-nasich-snu\/","datePublished":"2023-04-27","dateModified":"2023-04-27","mainEntityOfPage":"https:\/\/www.selfix.cz\/zahrada-nasich-snu\/","author":{"@type":"Person","@id":"https:\/\/www.selfix.cz\/author\/#Person","name":"selfix.cz\n","url":"https:\/\/www.selfix.cz\/author\/","identifier":1,"image":{"@type":"ImageObject","@id":"https:\/\/secure.gravatar.com\/avatar\/6eaf701939e92690bed32d6f2e2c0f9e1355f2e3837c1fb45fbfacf848239e2d?s=96&d=mm&r=g","url":"https:\/\/secure.gravatar.com\/avatar\/6eaf701939e92690bed32d6f2e2c0f9e1355f2e3837c1fb45fbfacf848239e2d?s=96&d=mm&r=g","height":96,"width":96}},"publisher":{"@type":"Organization","name":"selfix.cz","logo":{"@type":"ImageObject","@id":"\/logo.png","url":"\/logo.png","width":600,"height":60}},"image":null,"keywords":null},{"@type":"Article","@id":"https:\/\/www.selfix.cz\/pleteni-jako-hobby-co-nas-bavi-od-pradavna\/","headline":"Pleten\u00ed jako hobby, co n\u00e1s bav\u00ed od prad\u00e1vna","url":"https:\/\/www.selfix.cz\/pleteni-jako-hobby-co-nas-bavi-od-pradavna\/","datePublished":"2023-04-27","dateModified":"2023-04-27","mainEntityOfPage":"https:\/\/www.selfix.cz\/pleteni-jako-hobby-co-nas-bavi-od-pradavna\/","author":{"@type":"Person","@id":"https:\/\/www.selfix.cz\/author\/#Person","name":"selfix.cz\n","url":"https:\/\/www.selfix.cz\/author\/","identifier":1,"image":{"@type":"ImageObject","@id":"https:\/\/secure.gravatar.com\/avatar\/6eaf701939e92690bed32d6f2e2c0f9e1355f2e3837c1fb45fbfacf848239e2d?s=96&d=mm&r=g","url":"https:\/\/secure.gravatar.com\/avatar\/6eaf701939e92690bed32d6f2e2c0f9e1355f2e3837c1fb45fbfacf848239e2d?s=96&d=mm&r=g","height":96,"width":96}},"publisher":{"@type":"Organization","name":"selfix.cz","logo":{"@type":"ImageObject","@id":"\/logo.png","url":"\/logo.png","width":600,"height":60}},"image":null,"keywords":null},{"@type":"Article","@id":"https:\/\/www.selfix.cz\/oslava-narozenin-trochu-jinak\/","headline":"Oslava narozenin trochu jinak","url":"https:\/\/www.selfix.cz\/oslava-narozenin-trochu-jinak\/","datePublished":"2019-07-06","dateModified":"2023-04-27","mainEntityOfPage":"https:\/\/www.selfix.cz\/oslava-narozenin-trochu-jinak\/","author":{"@type":"Person","@id":"https:\/\/www.selfix.cz\/author\/#Person","name":"selfix.cz\n","url":"https:\/\/www.selfix.cz\/author\/","identifier":1,"image":{"@type":"ImageObject","@id":"https:\/\/secure.gravatar.com\/avatar\/6eaf701939e92690bed32d6f2e2c0f9e1355f2e3837c1fb45fbfacf848239e2d?s=96&d=mm&r=g","url":"https:\/\/secure.gravatar.com\/avatar\/6eaf701939e92690bed32d6f2e2c0f9e1355f2e3837c1fb45fbfacf848239e2d?s=96&d=mm&r=g","height":96,"width":96}},"publisher":{"@type":"Organization","name":"selfix.cz","logo":{"@type":"ImageObject","@id":"\/logo.png","url":"\/logo.png","width":600,"height":60}},"image":{"@type":"ImageObject","@id":"https:\/\/www.selfix.cz\/wp-content\/uploads\/img_a353064_w1747_t1567322178.jpg","url":"https:\/\/www.selfix.cz\/wp-content\/uploads\/img_a353064_w1747_t1567322178.jpg","height":0,"width":0},"keywords":null},{"@type":"Article","@id":"https:\/\/www.selfix.cz\/unikova-hra-pardubice\/","headline":"\u00danikov\u00e1 hra Pardubice","url":"https:\/\/www.selfix.cz\/unikova-hra-pardubice\/","datePublished":"2019-03-27","dateModified":"2023-04-27","mainEntityOfPage":"https:\/\/www.selfix.cz\/unikova-hra-pardubice\/","author":{"@type":"Person","@id":"https:\/\/www.selfix.cz\/author\/#Person","name":"selfix.cz\n","url":"https:\/\/www.selfix.cz\/author\/","identifier":1,"image":{"@type":"ImageObject","@id":"https:\/\/secure.gravatar.com\/avatar\/6eaf701939e92690bed32d6f2e2c0f9e1355f2e3837c1fb45fbfacf848239e2d?s=96&d=mm&r=g","url":"https:\/\/secure.gravatar.com\/avatar\/6eaf701939e92690bed32d6f2e2c0f9e1355f2e3837c1fb45fbfacf848239e2d?s=96&d=mm&r=g","height":96,"width":96}},"publisher":{"@type":"Organization","name":"selfix.cz","logo":{"@type":"ImageObject","@id":"\/logo.png","url":"\/logo.png","width":600,"height":60}},"image":{"@type":"ImageObject","@id":"https:\/\/www.selfix.cz\/wp-content\/uploads\/img_a349251_w1747_t1564129386.jpg","url":"https:\/\/www.selfix.cz\/wp-content\/uploads\/img_a349251_w1747_t1564129386.jpg","height":0,"width":0},"keywords":null},{"@type":"Article","@id":"https:\/\/www.selfix.cz\/treti-nejvetsi-evropska-zeme\/","headline":"T\u0159et\u00ed nejv\u011bt\u0161\u00ed evropsk\u00e1 zem\u011b","url":"https:\/\/www.selfix.cz\/treti-nejvetsi-evropska-zeme\/","datePublished":"2018-12-17","dateModified":"2023-04-27","mainEntityOfPage":"https:\/\/www.selfix.cz\/treti-nejvetsi-evropska-zeme\/","author":{"@type":"Person","@id":"https:\/\/www.selfix.cz\/author\/#Person","name":"selfix.cz\n","url":"https:\/\/www.selfix.cz\/author\/","identifier":1,"image":{"@type":"ImageObject","@id":"https:\/\/secure.gravatar.com\/avatar\/6eaf701939e92690bed32d6f2e2c0f9e1355f2e3837c1fb45fbfacf848239e2d?s=96&d=mm&r=g","url":"https:\/\/secure.gravatar.com\/avatar\/6eaf701939e92690bed32d6f2e2c0f9e1355f2e3837c1fb45fbfacf848239e2d?s=96&d=mm&r=g","height":96,"width":96}},"publisher":{"@type":"Organization","name":"selfix.cz","logo":{"@type":"ImageObject","@id":"\/logo.png","url":"\/logo.png","width":600,"height":60}},"image":{"@type":"ImageObject","@id":"https:\/\/www.selfix.cz\/wp-content\/uploads\/img_a332565_w1747_t1545425422.jpg","url":"https:\/\/www.selfix.cz\/wp-content\/uploads\/img_a332565_w1747_t1545425422.jpg","height":0,"width":0},"keywords":null}]}