[{"@context":"https:\/\/schema.org\/","@type":"Article","@id":"https:\/\/www.selfix.cz\/je-dulezite-sporit-si-na-duchod\/#Article","mainEntityOfPage":"https:\/\/www.selfix.cz\/je-dulezite-sporit-si-na-duchod\/","headline":"Je d\u016fle\u017eit\u00e9 spo\u0159it si na d\u016fchod","name":"Je d\u016fle\u017eit\u00e9 spo\u0159it si na d\u016fchod","description":"Dnes si mus\u00ed ka\u017ed\u00fd spo\u0159it na d\u016fchod B\u00fdt v d\u016fchodu m\u00e1 mnoho p\u0159ednost\u00ed &#8211; spousta voln\u00e9ho \u010dasu, \u017e\u00e1dn\u00e9 povinnosti a mo\u017enost v\u011bnovat se jen sv\u00fdm kon\u00ed\u010dk\u016fm. Nev\u00fdhodou jsou ni\u017e\u0161\u00ed p\u0159\u00edjmy. I to se d\u00e1 omezit, kdy\u017e si zodpov\u011bdn\u011b odpov\u00edte na ot\u00e1zku kdy do d\u016fchodu a nech\u00e1te si poradit od odborn\u00edk\u016f. Boj\u00edte se d\u016fchodu U\u017e dlouho [&hellip;]","datePublished":"2025-04-25","dateModified":"2025-04-25","author":{"@type":"Person","@id":"https:\/\/www.selfix.cz\/author\/#Person","name":"selfix.cz\n","url":"https:\/\/www.selfix.cz\/author\/","identifier":1,"image":{"@type":"ImageObject","@id":"https:\/\/secure.gravatar.com\/avatar\/6eaf701939e92690bed32d6f2e2c0f9e1355f2e3837c1fb45fbfacf848239e2d?s=96&d=mm&r=g","url":"https:\/\/secure.gravatar.com\/avatar\/6eaf701939e92690bed32d6f2e2c0f9e1355f2e3837c1fb45fbfacf848239e2d?s=96&d=mm&r=g","height":96,"width":96}},"publisher":{"@type":"Organization","name":"selfix.cz","logo":{"@type":"ImageObject","@id":"\/logo.png","url":"\/logo.png","width":600,"height":60}},"url":"https:\/\/www.selfix.cz\/je-dulezite-sporit-si-na-duchod\/","wordCount":204,"articleBody":" Dnes si mus\u00ed ka\u017ed\u00fd spo\u0159it na d\u016fchod B\u00fdt v d\u016fchodu m\u00e1 mnoho p\u0159ednost\u00ed &#8211; spousta voln\u00e9ho \u010dasu, \u017e\u00e1dn\u00e9 povinnosti a mo\u017enost v\u011bnovat se jen sv\u00fdm kon\u00ed\u010dk\u016fm. Nev\u00fdhodou jsou ni\u017e\u0161\u00ed p\u0159\u00edjmy. I to se d\u00e1 omezit, kdy\u017e si zodpov\u011bdn\u011b odpov\u00edte na ot\u00e1zku kdy do d\u016fchodu a nech\u00e1te si poradit od odborn\u00edk\u016f. Boj\u00edte se d\u016fchodu U\u017e dlouho jste p\u0159em\u00fd\u0161leli, kdy do d\u016fchodu a nakonec jste se rozhodli pro odchod v \u0159\u00e1dn\u00e9m term\u00ednu. Pak i pro V\u00e1s m\u00e1me \u0159adu tip\u016f, kter\u00e9 pomohou V\u00e1\u0161 d\u016fchod zv\u00fd\u0161it. A ka\u017ed\u00e1 koruna se p\u0159ece hod\u00ed. M\u016f\u017eete p\u0159esluhovat n\u011bkolik m\u00e1lo dn\u016f a V\u00e1\u0161 d\u016fchod bude r\u00e1zem v\u011bt\u0161\u00ed. Vhodn\u00fd odchod do d\u016fchodu Odchod do d\u016fchodu je p\u0159elomov\u00fdm \u017eivotn\u00edm okam\u017eikem, a proto je vhodn\u00e9 zvolit vhodn\u00fd okam\u017eik. Tedy si spr\u00e1vn\u011b odpov\u011bd\u011bt na ot\u00e1zku, Kdy p\u016fjdu do d\u016fchodu. Doporu\u010d\u00edme, zda zvolit odchod na za\u010d\u00e1tku roku \u010di na konci, d\u00e1le tak\u00e9 zda p\u0159esluhovat \u010di uva\u017eovat o p\u0159edd\u016fchodu.                                                                                                                                                                                                                                                                                                                                                                                                "},{"@context":"https:\/\/schema.org\/","@type":"BreadcrumbList","itemListElement":[{"@type":"ListItem","position":1,"name":"Je d\u016fle\u017eit\u00e9 spo\u0159it si na d\u016fchod","item":"https:\/\/www.selfix.cz\/je-dulezite-sporit-si-na-duchod\/#breadcrumbitem"}]}]