[{"@context":"https:\/\/schema.org\/","@type":"Article","@id":"https:\/\/www.selfix.cz\/kdy-vas-odskodni\/#Article","mainEntityOfPage":"https:\/\/www.selfix.cz\/kdy-vas-odskodni\/","headline":"Kdy v\u00e1s od\u0161kodn\u00ed?","name":"Kdy v\u00e1s od\u0161kodn\u00ed?","description":"Pokud m\u00e1 \u010dlov\u011bk \u0161t\u011bst\u00ed v ne\u0161t\u011bst\u00ed, n\u00e1le\u017e\u00ed mu v p\u0159\u00edpad\u011b, \u017ee jeho let nabere dostate\u010dn\u00e9 zpo\u017ed\u011bn\u00ed, relativn\u011b tu\u010dn\u00e9 finan\u010dn\u00ed od\u0161kodn\u011bn\u00ed. Aby tomu tak ale bylo, mus\u00ed b\u00fdt spln\u011bno hned n\u011bkolik nezbytn\u00fdch podm\u00ednek. V prvn\u00ed \u0159ad\u011b se to mus\u00ed odehr\u00e1t \u201au n\u00e1s\u2018. Tedy mus\u00ed j\u00edt o leteckou spole\u010dnost ze zem\u00ed Evropsk\u00e9 unie, Norska, \u0160v\u00fdcarska nebo Islandu, [&hellip;]","datePublished":"2019-06-18","dateModified":"2023-04-27","author":{"@type":"Person","@id":"https:\/\/www.selfix.cz\/author\/#Person","name":"selfix.cz\n","url":"https:\/\/www.selfix.cz\/author\/","identifier":1,"image":{"@type":"ImageObject","@id":"https:\/\/secure.gravatar.com\/avatar\/6eaf701939e92690bed32d6f2e2c0f9e1355f2e3837c1fb45fbfacf848239e2d?s=96&d=mm&r=g","url":"https:\/\/secure.gravatar.com\/avatar\/6eaf701939e92690bed32d6f2e2c0f9e1355f2e3837c1fb45fbfacf848239e2d?s=96&d=mm&r=g","height":96,"width":96}},"publisher":{"@type":"Organization","name":"selfix.cz","logo":{"@type":"ImageObject","@id":"\/logo.png","url":"\/logo.png","width":600,"height":60}},"image":{"@type":"ImageObject","@id":"https:\/\/www.selfix.cz\/wp-content\/uploads\/img_a350654_w1747_t1565523990.jpg","url":"https:\/\/www.selfix.cz\/wp-content\/uploads\/img_a350654_w1747_t1565523990.jpg","height":0,"width":0},"url":"https:\/\/www.selfix.cz\/kdy-vas-odskodni\/","about":["Finance"],"wordCount":437,"articleBody":"  Pokud m\u00e1 \u010dlov\u011bk \u0161t\u011bst\u00ed v ne\u0161t\u011bst\u00ed, n\u00e1le\u017e\u00ed mu v p\u0159\u00edpad\u011b, \u017ee jeho let nabere dostate\u010dn\u00e9 zpo\u017ed\u011bn\u00ed, relativn\u011b tu\u010dn\u00e9 finan\u010dn\u00ed od\u0161kodn\u011bn\u00ed. Aby tomu tak ale bylo, mus\u00ed b\u00fdt spln\u011bno hned n\u011bkolik nezbytn\u00fdch podm\u00ednek. V prvn\u00ed \u0159ad\u011b se to mus\u00ed odehr\u00e1t \u201au n\u00e1s\u2018. Tedy mus\u00ed j\u00edt o leteckou spole\u010dnost ze zem\u00ed Evropsk\u00e9 unie, Norska, \u0160v\u00fdcarska nebo Islandu, kter\u00e9 jsou v\u00e1z\u00e1ny regulac\u00ed EC 261\/2004, p\u0159\u00edpadn\u011b mus\u00ed j\u00edt o let v tomto prostoru nebo z n\u011bj sm\u011brem ven. A d\u00e1le mus\u00ed b\u00fdt ono zpo\u017ed\u011bn\u00ed v c\u00edlov\u00e9 destinaci alespo\u0148 tak dlouh\u00e9, jak je to onou regulac\u00ed p\u0159edeps\u00e1no, a na vin\u011b tomuto zpo\u017ed\u011bn\u00ed mus\u00ed b\u00fdt sama leteck\u00e1 spole\u010dnost. V p\u0159\u00edpad\u011b, \u017ee nen\u00ed n\u011bkter\u00e1 z t\u011bchto podm\u00ednek spln\u011bna, cestuj\u00edc\u00edmu zm\u00edn\u011bn\u00e9 finan\u010dn\u00ed od\u0161kodn\u011bn\u00ed nen\u00e1le\u017e\u00ed. Co\u017e je tak\u00e9 ob\u010das pov\u011bstn\u00fdm kamenem \u00farazu.  Pokud toti\u017e nem\u016f\u017ee za zpo\u017ed\u011bn\u00ed leteck\u00e1 spole\u010dnost, ale toto je zavin\u011bno dejme tomu \u0161patn\u00fdm po\u010das\u00edm, p\u0159\u00edrodn\u00ed katastrofou, bezpe\u010dnostn\u00ed situac\u00ed, st\u00e1vkou t\u0159et\u00ed strany nebo omezen\u00edm letov\u00e9ho provozu, aerolinie od\u0161kod\u0148ovat nemus\u00ed. A proto\u017ee se jim nechce vyd\u00e1vat pen\u00edze ze sv\u00e9ho, nejednou se dopravci pr\u00e1v\u011b na takov\u00e9to situace (i neopr\u00e1vn\u011bn\u011b) vymlouvaj\u00ed. P\u0159\u00edpadn\u011b s po\u0161kozen\u00fdmi cestuj\u00edc\u00edmi nekomunikuj\u00ed a doufaj\u00ed, \u017ee lidi marn\u00e9 sna\u017een\u00ed d\u0159\u00edve \u010di pozd\u011bji omrz\u00ed a daj\u00ed pokoj. Pokud se aerolinie takto od\u0161kodn\u011bn\u00ed za zpo\u017ed\u011bn\u00ed let\u016f br\u00e1n\u00ed, nen\u00ed jin\u00e1 mo\u017enost, ne\u017e aby to, na co m\u00e1 \u010dlov\u011bk n\u00e1rok, bylo vym\u00e1h\u00e1no soudn\u00ed cestou. Co\u017e je pochopiteln\u011b zp\u016fsob, do kter\u00e9ho se lidem moc nechce, proto\u017ee nemaj\u00ed zku\u0161enosti, \u010das, energii a odvahu se do toho pustit a i v\u00fdsledek by mohl b\u00fdt nejist\u00fd.  A proto lze v\u0159ele doporu\u010dit, aby se v takov\u00e9m p\u0159\u00edpad\u011b \u010dlov\u011bk obr\u00e1til na specialisty, kte\u0159\u00ed to v\u0161e ud\u011blaj\u00ed za n\u011bj. A nav\u00edc si vezmou provizi jen v p\u0159\u00edpad\u011b, \u017ee budou \u00fasp\u011b\u0161n\u00ed. Co\u017e je u\u017e na prvn\u00ed pohled f\u00e9rov\u00e1 nab\u00eddka, o n\u00ed\u017e by m\u011bl \u010dlov\u011bk v\u011bd\u011bt. Aby ji mohl vyu\u017e\u00edt, kdyby m\u011bl n\u00e1rok na pen\u00edze a nev\u011bd\u011bl, jak je vymoci. Proto\u017ee tato pomoc se zaru\u010den\u011b vyplat\u00ed.                                                                                                                                                                                                                                                                                                                                                                                          4.3\/5 - (7 votes)        "},{"@context":"https:\/\/schema.org\/","@type":"BreadcrumbList","itemListElement":[{"@type":"ListItem","position":1,"name":"Kdy v\u00e1s od\u0161kodn\u00ed?","item":"https:\/\/www.selfix.cz\/kdy-vas-odskodni\/#breadcrumbitem"}]}]