[{"@context":"https:\/\/schema.org\/","@type":"Article","@id":"https:\/\/www.selfix.cz\/kdyz-se-nekdo-zrani-v-praci\/#Article","mainEntityOfPage":"https:\/\/www.selfix.cz\/kdyz-se-nekdo-zrani-v-praci\/","headline":"Kdy\u017e se n\u011bkdo zran\u00ed v pr\u00e1ci","name":"Kdy\u017e se n\u011bkdo zran\u00ed v pr\u00e1ci","description":"Abych hned na \u00favod nepot\u011b\u0161il, je t\u0159eba hned zkraje doplnit k \u00favodn\u00ed informaci, \u017ee i kdy\u017e se \u010dlov\u011bku v pr\u00e1ci n\u011bco stane, nemus\u00ed to nezbytn\u011b znamenat, \u017ee se do\u010dk\u00e1 p\u011bkn\u00e9 sumi\u010dky pen\u011bz. Proto\u017ee ne v\u0161e, co se na pracovi\u0161ti stane, pracovn\u00edm \u00farazem tak\u00e9 je, a po\u010d\u00edn\u00e1-li si n\u011bkdo ze zam\u011bstnanc\u016f tak, jak nem\u00e1, m\u00e1 zkr\u00e1tka [&hellip;]","datePublished":"2019-04-25","dateModified":"2024-06-26","author":{"@type":"Person","@id":"https:\/\/www.selfix.cz\/author\/#Person","name":"selfix.cz\n","url":"https:\/\/www.selfix.cz\/author\/","identifier":1,"image":{"@type":"ImageObject","@id":"https:\/\/secure.gravatar.com\/avatar\/6eaf701939e92690bed32d6f2e2c0f9e1355f2e3837c1fb45fbfacf848239e2d?s=96&d=mm&r=g","url":"https:\/\/secure.gravatar.com\/avatar\/6eaf701939e92690bed32d6f2e2c0f9e1355f2e3837c1fb45fbfacf848239e2d?s=96&d=mm&r=g","height":96,"width":96}},"publisher":{"@type":"Organization","name":"selfix.cz","logo":{"@type":"ImageObject","@id":"\/logo.png","url":"\/logo.png","width":600,"height":60}},"image":{"@type":"ImageObject","@id":"https:\/\/www.selfix.cz\/wp-content\/uploads\/img_a345547_w1747_t1559205773.jpg","url":"https:\/\/www.selfix.cz\/wp-content\/uploads\/img_a345547_w1747_t1559205773.jpg","height":0,"width":0},"url":"https:\/\/www.selfix.cz\/kdyz-se-nekdo-zrani-v-praci\/","about":["Slu\u017eby"],"wordCount":530,"articleBody":"          Abych hned na \u00favod nepot\u011b\u0161il, je t\u0159eba hned zkraje doplnit k \u00favodn\u00ed informaci, \u017ee i kdy\u017e se \u010dlov\u011bku v pr\u00e1ci n\u011bco stane, nemus\u00ed to nezbytn\u011b znamenat, \u017ee se do\u010dk\u00e1 p\u011bkn\u00e9 sumi\u010dky pen\u011bz. Proto\u017ee ne v\u0161e, co se na pracovi\u0161ti stane, pracovn\u00edm \u00farazem tak\u00e9 je, a po\u010d\u00edn\u00e1-li si n\u011bkdo ze zam\u011bstnanc\u016f tak, jak nem\u00e1, m\u00e1 zkr\u00e1tka sm\u016flu.  Pokud tak dejme tomu p\u0159ijde zedn\u00edk zr\u00e1na na stavbu, d\u00e1 si tam sv\u00fdch dvacet piv k sn\u00eddani a potom spadne z le\u0161en\u00ed, http:\/\/www.pujcovnaleseni.cz\/kontakty  kter\u00e9 mu vzhledem k jeho stavu bude p\u0159\u00edli\u0161 \u00fazk\u00e9 a vratk\u00e9, odm\u011bn\u00ed se mu \u0161\u00e9fov\u00e9 leda tak t\u00edm, \u017ee ho na hodinu vyhod\u00ed. Aby toti\u017e \u0161lo o pracovn\u00ed \u00faraz, mus\u00ed j\u00edt o \u00fajmu na zdrav\u00ed nebo smrt zam\u011bstnance, zp\u016fsobenou kr\u00e1tkodob\u00fdm, n\u00e1hl\u00fdm a n\u00e1siln\u00fdm p\u016fsoben\u00edm zevn\u00edch vliv\u016f, k n\u00ed\u017e do\u0161lo p\u0159i pln\u011bn\u00ed pracovn\u00edch \u00fakol\u016f nebo v p\u0159\u00edm\u00e9 souvislosti s nimi, a to navrch nez\u00e1visle na v\u016fli zam\u011bstnance. Nebo mus\u00ed k takov\u00e9 \u00fajm\u011b na zdrav\u00ed \u010di \u017eivot\u011b doj\u00edt p\u0159i n\u011bjak\u00e9 jin\u00e9 \u010dinnosti vykon\u00e1van\u00e9 na p\u0159\u00edkaz zam\u011bstnavatele, b\u011bhem slu\u017eebn\u00ed cesty, pr\u00e1ce na dohodu \u010di na dobu ur\u010ditou, p\u0159\u00edpadn\u011b i v mimopracovn\u00ed dob\u011b v are\u00e1lu firmy, v n\u00ed\u017e je \u010dlov\u011bk zam\u011bstn\u00e1n. Dojde-li k pracovn\u00edmu \u00farazu, m\u00e1 po\u0161kozen\u00fd (nebo poz\u016fstal\u00ed po n\u011bm) n\u00e1rok na:  n\u00e1hradu \u0161kody na zdrav\u00ed (bolestn\u00e9, zt\u00ed\u017een\u00e9 spole\u010densk\u00e9 uplatn\u011bn\u00ed)  n\u00e1hradu za ztr\u00e1tu na v\u00fdd\u011blku b\u011bhem trv\u00e1n\u00ed pracovn\u00ed neschopnosti a p\u0159\u00edpadn\u011b i po t\u00e9to  n\u00e1hradu n\u00e1klad\u016f spojen\u00fdch s l\u00e9\u010den\u00edm (j\u00edzdn\u00e9, l\u00e9ky, p\u00e9\u010de o bl\u00edzkou osobu,\u2026)  n\u00e1hradu v\u011bcn\u00e9 \u0161kody p\u0159i po\u0161kozen\u00ed v\u011bc\u00ed osobn\u00edho charakteru  jednor\u00e1zov\u00e9 od\u0161kodn\u011bn\u00ed poz\u016fstal\u00fdch  n\u00e1hradu p\u0159im\u011b\u0159en\u00fdch n\u00e1klad\u016f na poh\u0159eb  n\u00e1hradu n\u00e1klad\u016f na v\u00fd\u017eivu poz\u016fstal\u00fdch   Nap\u00ed\u0161e se to snadno. Jen\u017ee ur\u010dit v\u00fd\u0161i takov\u00e9ho od\u0161kodn\u011bn\u00ed za bolestn\u00e9 a zt\u00ed\u017een\u00ed spole\u010densk\u00e9ho uplatn\u011bn\u00ed u ka\u017ed\u00e9ho konkr\u00e9tn\u00edho \u010dlov\u011bka u\u017e ani zdaleka tak jednoduch\u00e9 b\u00fdt nemus\u00ed a tak\u00e9 neb\u00fdv\u00e1. V\u017edy z\u00e1le\u017e\u00ed i t\u0159eba na povaze doty\u010dn\u00e9ho zran\u011bn\u00ed, na d\u00e9lce a n\u00e1ro\u010dnosti l\u00e9\u010den\u00ed, mo\u017en\u00fdch komplikac\u00edch, po\u010dtu operac\u00ed, rehabilitac\u00edch a dal\u0161\u00edch v\u011bcech. A tak doch\u00e1z\u00edv\u00e1 k tomu, \u017ee jsou po\u0161kozen\u00fd \u010di poz\u016fstal\u00ed po n\u011bm nespokojeni s bodov\u00fdm ohodnocen\u00edm, od kter\u00e9ho se od\u0161kodn\u011bn\u00ed odv\u00edj\u00ed. A pak nezb\u00fdv\u00e1 ne\u017e se obr\u00e1tit na soudn\u00edho znalce, kter\u00fd m\u016f\u017ee v\u0161e nejl\u00e9pe posoudit a vyhotovit nov\u00fd znaleck\u00fd posudek. Aby po\u0161kozen\u00fd netratil. Kdy\u017e u\u017e mu pr\u00e1ce p\u0159inesla m\u00edsto kol\u00e1\u010d\u016f n\u011bco \u00fapln\u011b jin\u00e9ho.                                                                                                                                                                                                                                                                                                                                                                                         4.5\/5 - (2 votes)        "},{"@context":"https:\/\/schema.org\/","@type":"BreadcrumbList","itemListElement":[{"@type":"ListItem","position":1,"name":"Kdy\u017e se n\u011bkdo zran\u00ed v pr\u00e1ci","item":"https:\/\/www.selfix.cz\/kdyz-se-nekdo-zrani-v-praci\/#breadcrumbitem"}]}]