[{"@context":"https:\/\/schema.org\/","@type":"Article","@id":"https:\/\/www.selfix.cz\/prodej-spickovych-kontejneru\/#Article","mainEntityOfPage":"https:\/\/www.selfix.cz\/prodej-spickovych-kontejneru\/","headline":"Prodej \u0161pi\u010dkov\u00fdch kontejner\u016f","name":"Prodej \u0161pi\u010dkov\u00fdch kontejner\u016f","description":"V dne\u0161n\u00ed dob\u011b m\u016f\u017eete prod\u00e1vat opravdu cokoliv, m\u016f\u017eete si koupit cokoliv a vlastn\u011b tak\u00e9 prod\u00e1vat cokoliv. J\u00e1 si mysl\u00edm, \u017ee dne\u0161n\u00ed doba je takov\u00e1 skv\u011bl\u00e1 a takov\u00e1 voln\u00e1, \u017ee vlastn\u011b \u010dlov\u011bk si m\u016f\u017ee koupit opravdu cokoliv, co zrovna bude pot\u0159ebovat. J\u00e1 sama jsem byla opravdu hodn\u011b p\u0159ekvapen\u00e1, kdy\u017e mi moje kamar\u00e1dka \u0159\u00edkala, \u017ee ho bude [&hellip;]","datePublished":"2023-11-20","dateModified":"2023-12-21","author":{"@type":"Person","@id":"https:\/\/www.selfix.cz\/author\/#Person","name":"selfix.cz\n","url":"https:\/\/www.selfix.cz\/author\/","identifier":1,"image":{"@type":"ImageObject","@id":"https:\/\/secure.gravatar.com\/avatar\/6eaf701939e92690bed32d6f2e2c0f9e1355f2e3837c1fb45fbfacf848239e2d?s=96&d=mm&r=g","url":"https:\/\/secure.gravatar.com\/avatar\/6eaf701939e92690bed32d6f2e2c0f9e1355f2e3837c1fb45fbfacf848239e2d?s=96&d=mm&r=g","height":96,"width":96}},"publisher":{"@type":"Organization","name":"selfix.cz","logo":{"@type":"ImageObject","@id":"\/logo.png","url":"\/logo.png","width":600,"height":60}},"image":{"@type":"ImageObject","@id":"https:\/\/www.selfix.cz\/wp-content\/uploads\/port-1845350_1280_6.jpg","url":"https:\/\/www.selfix.cz\/wp-content\/uploads\/port-1845350_1280_6.jpg","height":0,"width":0},"url":"https:\/\/www.selfix.cz\/prodej-spickovych-kontejneru\/","about":["Slu\u017eby"],"wordCount":393,"articleBody":"      V dne\u0161n\u00ed dob\u011b m\u016f\u017eete prod\u00e1vat opravdu cokoliv, m\u016f\u017eete si koupit cokoliv a vlastn\u011b tak\u00e9 prod\u00e1vat cokoliv. J\u00e1 si mysl\u00edm, \u017ee dne\u0161n\u00ed doba je takov\u00e1 skv\u011bl\u00e1 a takov\u00e1 voln\u00e1, \u017ee vlastn\u011b \u010dlov\u011bk si m\u016f\u017ee koupit opravdu cokoliv, co zrovna bude pot\u0159ebovat. J\u00e1 sama jsem byla opravdu hodn\u011b p\u0159ekvapen\u00e1, kdy\u017e mi moje kamar\u00e1dka \u0159\u00edkala, \u017ee ho bude pracovat pro jednu opravdu nadn\u00e1rodn\u00ed perfektn\u00ed spole\u010dnost. Chv\u00edli jsem p\u0159em\u00fd\u0161lela, jestli t\u0159eba tuto firmu nebudu zn\u00e1t. Bohu\u017eel jsem ji v\u016fbec neznala nebo jsem si v\u016fbec nemohla vzpomenout. Moje kamar\u00e1dka mi teda popsala firmu. Mus\u00edm uznat, \u017ee u\u017e jsem o n\u00ed n\u011bco sly\u0161ela a sly\u0161ela jsem o n\u00ed jenom sama pozitiva sam\u00e9 chv\u00e1ly.Tak jsem si \u0159ekla, \u017ee kdy\u017e moje kamar\u00e1dka tam pro tuto firmu bude pracovat, tak to asi bude pravda. Moje kamar\u00e1dka bude prod\u00e1vat IBC kontejnery, nev\u011bd\u011bla jsem o nich je\u0161t\u011b z hola nic, proto mi moje kamar\u00e1dka popsala, jak bude prod\u00e1vat IBC kontejnery a pro\u010d to bude d\u011blat. Moje kamar\u00e1dka mi \u0159ekla, \u017ee se pr\u00e1v\u011b o t\u00e9to firm\u011b dozv\u011bd\u011bla od jej\u00ed maminky, kter\u00e1 tam kdysi pracovala a d\u011blala tam ukl\u00edze\u010dku. Nyn\u00ed moje kamar\u00e1dka by tam cht\u011bla tak\u00e9 pracovat, proto\u017ee je to pr\u00fd loaj\u00e1ln\u00ed firma, kter\u00e1 v\u017edycky v\u00ed, co m\u00e1 d\u011blat a kter\u00e1 se chov\u00e1 opravdu perfektn\u011b nejenom k zam\u011bstnanc\u016fm, ale tak\u00e9 k z\u00e1kazn\u00edk\u016fm. Podle m\u00e9ho n\u00e1zoru je tohle opravdu prvo\u0159ad\u00e9.Proto\u017ee nikdo by asi necht\u011bl, aby se n\u011bkdo k n\u011bkomu choval opravdu nep\u011bkn\u011b anebo nevhodn\u011b a nedej bo\u017ee hrub\u011b. J\u00e1 jsem r\u00e1da, \u017ee je opravdu hodn\u011b lid\u00ed, kte\u0159\u00ed tak\u00e9 dbaj\u00ed na kvalitu sv\u00fdch v\u00fdrobk\u016f anebo tak\u00e9 kvalitu sv\u00fdch slu\u017eeb. Jsem r\u00e1da, \u017ee pr\u00e1v\u011b i prodej IBC kontejner\u016f prob\u00edh\u00e1 opravdu na lep\u0161\u00ed \u00farovni, na takov\u00e9 kvalitn\u011bj\u0161\u00ed, \u017ee v\u0161ichni v\u00edme, \u017ee alespo\u0148 od t\u00e9to firmy budeme m\u00edt kvalitn\u00ed IBC kontejnery prvot\u0159\u00eddn\u00ed kvality, kter\u00e9 se jenom tak nerozb\u00edj\u00ed a vydr\u017e\u00ed roky. Uvid\u00edte sami, kdy\u017e si koup\u00edte tak\u00e9 kontejner, \u017ee v\u00e1m vydr\u017e\u00ed opravdu dlouho.                                                                                                                                                                                                                                                                                                                                                                                          3.6\/5 - (10 votes)        "},{"@context":"https:\/\/schema.org\/","@type":"BreadcrumbList","itemListElement":[{"@type":"ListItem","position":1,"name":"Prodej \u0161pi\u010dkov\u00fdch kontejner\u016f","item":"https:\/\/www.selfix.cz\/prodej-spickovych-kontejneru\/#breadcrumbitem"}]}]