[{"@context":"https:\/\/schema.org\/","@type":"Article","@id":"https:\/\/www.selfix.cz\/znam-kristalovou\/#Article","mainEntityOfPage":"https:\/\/www.selfix.cz\/znam-kristalovou\/","headline":"Zn\u00e1m k\u0159i\u0161\u0165\u00e1lovou\u2026","name":"Zn\u00e1m k\u0159i\u0161\u0165\u00e1lovou\u2026","description":"Zn\u00e1m k\u0159i\u0161\u0165\u00e1lovou stud\u00e1nku, ale ne, \u0161patn\u011b. M\u00e1m k\u0159i\u0161\u0165\u00e1lovou sadu n\u00e1dob\u00ed se zna\u010dnou historickou hodnotou, ale m\u00e1m jeden probl\u00e9m. Kam s n\u00ed? To\u0165 ot\u00e1zka. Je to opravdu v\u00fdstavn\u00ed kousek a nezaslou\u017e\u00ed si jen tak le\u017eet n\u011bkde ve sk\u0159\u00edni s dal\u0161\u00edmi \u010d\u00e1stmi m\u00e9 sb\u00edrky. A u\u017e v\u016fbec ne b\u00fdt schov\u00e1na do krabice na p\u016fdu a z\u016fstat tam [&hellip;]","datePublished":"2025-02-25","dateModified":"2025-02-25","author":{"@type":"Person","@id":"https:\/\/www.selfix.cz\/author\/#Person","name":"selfix.cz\n","url":"https:\/\/www.selfix.cz\/author\/","identifier":1,"image":{"@type":"ImageObject","@id":"https:\/\/secure.gravatar.com\/avatar\/6eaf701939e92690bed32d6f2e2c0f9e1355f2e3837c1fb45fbfacf848239e2d?s=96&d=mm&r=g","url":"https:\/\/secure.gravatar.com\/avatar\/6eaf701939e92690bed32d6f2e2c0f9e1355f2e3837c1fb45fbfacf848239e2d?s=96&d=mm&r=g","height":96,"width":96}},"publisher":{"@type":"Organization","name":"selfix.cz","logo":{"@type":"ImageObject","@id":"\/logo.png","url":"\/logo.png","width":600,"height":60}},"url":"https:\/\/www.selfix.cz\/znam-kristalovou\/","wordCount":186,"articleBody":"Zn\u00e1m k\u0159i\u0161\u0165\u00e1lovou stud\u00e1nku, ale ne, \u0161patn\u011b. M\u00e1m k\u0159i\u0161\u0165\u00e1lovou sadu n\u00e1dob\u00ed se zna\u010dnou historickou hodnotou, ale m\u00e1m jeden probl\u00e9m. Kam s n\u00ed? To\u0165 ot\u00e1zka. Je to opravdu v\u00fdstavn\u00ed kousek a nezaslou\u017e\u00ed si jen tak le\u017eet n\u011bkde ve sk\u0159\u00edni s dal\u0161\u00edmi \u010d\u00e1stmi m\u00e9 sb\u00edrky. A u\u017e v\u016fbec ne b\u00fdt schov\u00e1na do krabice na p\u016fdu a z\u016fstat tam le\u017eet v prachu a zapomn\u011bn\u00ed. A proto hled\u00e1m jin\u00e9 \u0159e\u0161en\u00ed, kter\u00e9 bude kvalitn\u00ed, kr\u00e1sn\u00e9 a dlouhov\u011bk\u00e9. Z\u00e1rove\u0148 se mus\u00ed hodit ke zbytku vybaven\u00ed domu. Zn\u00e1m \u0159e\u0161en\u00ed T\u00edm nejlep\u0161\u00edm \u0159e\u0161en\u00edm je syst\u00e9m origin\u00e1ln\u00edch poli\u010dek na m\u00edru. A kde je z\u00edsk\u00e1m? Stejn\u011b jako v\u0161echen ostatn\u00ed n\u00e1bytek z masivu na m\u00edru v m\u00e9m dom\u011b, si je nech\u00e1m vyrobit ru\u010dn\u011b z toho nejtvrd\u0161\u00edho d\u0159eva na sv\u011bt\u011b. \u017d\u00e1dn\u00e1 krabice na p\u016fd\u011b, ale kvalitn\u00ed police, ty jsou budoucnost\u00ed m\u00e9 sb\u00edrky sad n\u00e1dob\u00ed.                                                                                                                                                                                                                                                                                                                                                                                                "},{"@context":"https:\/\/schema.org\/","@type":"BreadcrumbList","itemListElement":[{"@type":"ListItem","position":1,"name":"Zn\u00e1m k\u0159i\u0161\u0165\u00e1lovou\u2026","item":"https:\/\/www.selfix.cz\/znam-kristalovou\/#breadcrumbitem"}]}]